{"id":196,"date":"2022-05-14T14:37:57","date_gmt":"2022-05-14T12:37:57","guid":{"rendered":"http:\/\/larcc.fr\/?p=196"},"modified":"2022-05-15T19:18:59","modified_gmt":"2022-05-15T17:18:59","slug":"timing-et-series-15-mai","status":"publish","type":"post","link":"https:\/\/larcc.fr\/index.php\/2022\/05\/14\/timing-et-series-15-mai\/","title":{"rendered":"Timing et s\u00e9ries 15 mai"},"content":{"rendered":"\n<p>Bonjour \u00e0 tous,<\/p>\n\n\n\n<p>Voici les s\u00e9ries et le timing pour la course de demain. \ud83c\udfc1\n\n\n\n<p>Un food truck (friterie et buvette) sera pr\u00e9sent pour le repas de midi \ud83c\udf5f\n\n\n\n<p>\ud83d\udea8 Pr\u00e9voyez vous gilet haute visibilit\u00e9 pour les m\u00e9canos \ud83d\udea8<\/p>\n\n\n\n<p>\ud83d\udea8 Pas de pi\u00e9tons sur la piste sans gilet \ud83d\udea8<\/p>\n\n\n\n<figure class=\"wp-block-image size-large\"><img decoding=\"async\" loading=\"lazy\" width=\"1024\" height=\"576\" src=\"http:\/\/larcc.fr\/wp-content\/uploads\/2022\/05\/timing-1024x576.jpg\" alt=\"\" class=\"wp-image-197\" srcset=\"https:\/\/larcc.fr\/wp-content\/uploads\/2022\/05\/timing-1024x576.jpg 1024w, https:\/\/larcc.fr\/wp-content\/uploads\/2022\/05\/timing-300x169.jpg 300w, https:\/\/larcc.fr\/wp-content\/uploads\/2022\/05\/timing-768x432.jpg 768w, https:\/\/larcc.fr\/wp-content\/uploads\/2022\/05\/timing.jpg 1152w\" sizes=\"(max-width: 1024px) 100vw, 1024px\" \/><\/figure>\n\n\n\n<figure class=\"wp-block-image size-large\"><img decoding=\"async\" loading=\"lazy\" width=\"1024\" height=\"690\" src=\"http:\/\/larcc.fr\/wp-content\/uploads\/2022\/05\/Series-1024x690.jpg\" alt=\"\" class=\"wp-image-198\" srcset=\"https:\/\/larcc.fr\/wp-content\/uploads\/2022\/05\/Series-1024x690.jpg 1024w, https:\/\/larcc.fr\/wp-content\/uploads\/2022\/05\/Series-300x202.jpg 300w, https:\/\/larcc.fr\/wp-content\/uploads\/2022\/05\/Series-768x517.jpg 768w, https:\/\/larcc.fr\/wp-content\/uploads\/2022\/05\/Series.jpg 1152w\" sizes=\"(max-width: 1024px) 100vw, 1024px\" \/><\/figure>\n","protected":false},"excerpt":{"rendered":"<p>Bonjour \u00e0 tous, Voici les s\u00e9ries et le timing pour la course de demain. \ud83c\udfc1 Un food truck (friterie et buvette) sera pr\u00e9sent pour le repas de midi \ud83c\udf5f \ud83d\udea8 Pr\u00e9voyez vous gilet haute visibilit\u00e9 pour les m\u00e9canos \ud83d\udea8 \ud83d\udea8 Pas de pi\u00e9tons sur la piste sans gilet \ud83d\udea8<\/p>\n","protected":false},"author":1,"featured_media":0,"comment_status":"closed","ping_status":"open","sticky":false,"template":"","format":"standard","meta":[],"categories":[7],"tags":[],"_links":{"self":[{"href":"https:\/\/larcc.fr\/index.php\/wp-json\/wp\/v2\/posts\/196"}],"collection":[{"href":"https:\/\/larcc.fr\/index.php\/wp-json\/wp\/v2\/posts"}],"about":[{"href":"https:\/\/larcc.fr\/index.php\/wp-json\/wp\/v2\/types\/post"}],"author":[{"embeddable":true,"href":"https:\/\/larcc.fr\/index.php\/wp-json\/wp\/v2\/users\/1"}],"replies":[{"embeddable":true,"href":"https:\/\/larcc.fr\/index.php\/wp-json\/wp\/v2\/comments?post=196"}],"version-history":[{"count":11,"href":"https:\/\/larcc.fr\/index.php\/wp-json\/wp\/v2\/posts\/196\/revisions"}],"predecessor-version":[{"id":231,"href":"https:\/\/larcc.fr\/index.php\/wp-json\/wp\/v2\/posts\/196\/revisions\/231"}],"wp:attachment":[{"href":"https:\/\/larcc.fr\/index.php\/wp-json\/wp\/v2\/media?parent=196"}],"wp:term":[{"taxonomy":"category","embeddable":true,"href":"https:\/\/larcc.fr\/index.php\/wp-json\/wp\/v2\/categories?post=196"},{"taxonomy":"post_tag","embeddable":true,"href":"https:\/\/larcc.fr\/index.php\/wp-json\/wp\/v2\/tags?post=196"}],"curies":[{"name":"wp","href":"https:\/\/api.w.org\/{rel}","templated":true}]}}